{"id":98,"date":"2023-11-10T13:18:09","date_gmt":"2023-11-10T16:18:09","guid":{"rendered":"https:\/\/www.oppeano.com.br\/blog\/?p=98"},"modified":"2023-11-10T13:18:11","modified_gmt":"2023-11-10T16:18:11","slug":"cantoneira-para-moveis-planejados-por-que-investir","status":"publish","type":"post","link":"https:\/\/www.oppeano.com.br\/blog\/acessorios-para-moveis\/cantoneira-para-moveis-planejados-por-que-investir\/","title":{"rendered":"Cantoneira para m\u00f3veis planejados: por que investir?"},"content":{"rendered":"<span class=\"span-reading-time rt-reading-time\" style=\"display: block;\"><span class=\"rt-label rt-prefix\">Tempo de leitura:<\/span> <span class=\"rt-time\"> 3<\/span> <span class=\"rt-label rt-postfix\">minutos<\/span><\/span>\n<p>A cantoneira para m\u00f3veis planejados \u00e9 um acess\u00f3rio utilizado na montagem e fixa\u00e7\u00e3o de m\u00f3veis, como prateleiras, estantes, arm\u00e1rios e mesas.&nbsp;<\/p>\n\n\n\n<p>Ela \u00e9 composta por uma pe\u00e7a met\u00e1lica em formato de L, que \u00e9 fixada nas laterais dos m\u00f3veis para fornecer suporte e refor\u00e7o.<\/p>\n\n\n\n<p>Em geral, a cantoneira de fixa\u00e7\u00e3o para m\u00f3veis em SP pode ser encontrada em diferentes tamanhos e espessuras. A cantoneira de tamanho maior \u00e9 indicada para m\u00f3veis de grande porte, enquanto a menor para m\u00f3veis de pequeno porte.&nbsp;<\/p>\n\n\n\n<p>Vale destacar que, a cantoneira para m\u00f3veis \u00e9 um item essencial para a seguran\u00e7a e durabilidade dos m\u00f3veis. Impedindo que pe\u00e7as se desmontem ou deformam com o tempo.<\/p>\n\n\n\n<p>Sendo assim, o blog da Oppeano apresenta o conte\u00fado de hoje. Seu prop\u00f3sito \u00e9 demonstrar a import\u00e2ncia de investir na cantoneira para m\u00f3veis planejados na Zona Norte!<\/p>\n\n\n\n<ul class=\"wp-block-list\">\n<li><a href=\"https:\/\/www.oppeano.com.br\/blog\/pecas-plasticas\/suporte-de-plastico-para-prateleira-descubra-mais-sobre\/\">Suporte de pl\u00e1stico para prateleira: descubra mais sobre<\/a><\/li>\n<\/ul>\n\n\n\n<div id=\"ez-toc-container\" class=\"ez-toc-v2_0_81 counter-hierarchy ez-toc-counter ez-toc-grey ez-toc-container-direction\">\n<div class=\"ez-toc-title-container\">\n<p class=\"ez-toc-title\" style=\"cursor:inherit\">Sum\u00e1rio<\/p>\n<span class=\"ez-toc-title-toggle\"><a href=\"#\" class=\"ez-toc-pull-right ez-toc-btn ez-toc-btn-xs ez-toc-btn-default ez-toc-toggle\" aria-label=\"Alternar tabela de conte\u00fado\"><span class=\"ez-toc-js-icon-con\"><span class=\"\"><span class=\"eztoc-hide\" style=\"display:none;\">Toggle<\/span><span class=\"ez-toc-icon-toggle-span\"><svg style=\"fill: #999;color:#999\" xmlns=\"http:\/\/www.w3.org\/2000\/svg\" class=\"list-377408\" width=\"20px\" height=\"20px\" viewBox=\"0 0 24 24\" fill=\"none\"><path d=\"M6 6H4v2h2V6zm14 0H8v2h12V6zM4 11h2v2H4v-2zm16 0H8v2h12v-2zM4 16h2v2H4v-2zm16 0H8v2h12v-2z\" fill=\"currentColor\"><\/path><\/svg><svg style=\"fill: #999;color:#999\" class=\"arrow-unsorted-368013\" xmlns=\"http:\/\/www.w3.org\/2000\/svg\" width=\"10px\" height=\"10px\" viewBox=\"0 0 24 24\" version=\"1.2\" baseProfile=\"tiny\"><path d=\"M18.2 9.3l-6.2-6.3-6.2 6.3c-.2.2-.3.4-.3.7s.1.5.3.7c.2.2.4.3.7.3h11c.3 0 .5-.1.7-.3.2-.2.3-.5.3-.7s-.1-.5-.3-.7zM5.8 14.7l6.2 6.3 6.2-6.3c.2-.2.3-.5.3-.7s-.1-.5-.3-.7c-.2-.2-.4-.3-.7-.3h-11c-.3 0-.5.1-.7.3-.2.2-.3.5-.3.7s.1.5.3.7z\"\/><\/svg><\/span><\/span><\/span><\/a><\/span><\/div>\n<nav><ul class='ez-toc-list ez-toc-list-level-1 ' ><li class='ez-toc-page-1 ez-toc-heading-level-2'><a class=\"ez-toc-link ez-toc-heading-1\" href=\"https:\/\/www.oppeano.com.br\/blog\/acessorios-para-moveis\/cantoneira-para-moveis-planejados-por-que-investir\/#Por_que_investir_na_cantoneira_para_moveis_planejados\" >Por que investir na cantoneira para m\u00f3veis planejados?<\/a><\/li><li class='ez-toc-page-1 ez-toc-heading-level-2'><a class=\"ez-toc-link ez-toc-heading-2\" href=\"https:\/\/www.oppeano.com.br\/blog\/acessorios-para-moveis\/cantoneira-para-moveis-planejados-por-que-investir\/#Como_escolher_uma_cantoneira_de_fixacao_para_moveis\" >Como escolher uma cantoneira de fixa\u00e7\u00e3o para m\u00f3veis?<\/a><\/li><li class='ez-toc-page-1 ez-toc-heading-level-2'><a class=\"ez-toc-link ez-toc-heading-3\" href=\"https:\/\/www.oppeano.com.br\/blog\/acessorios-para-moveis\/cantoneira-para-moveis-planejados-por-que-investir\/#Onde_encontrar_a_cantoneira_para_moveis_planejados\" >Onde encontrar a cantoneira para m\u00f3veis planejados?<\/a><\/li><\/ul><\/nav><\/div>\n<h2 class=\"wp-block-heading\"><span class=\"ez-toc-section\" id=\"Por_que_investir_na_cantoneira_para_moveis_planejados\"><\/span>Por que investir na cantoneira para m\u00f3veis planejados?<span class=\"ez-toc-section-end\"><\/span><\/h2>\n\n\n\n<p>Atualmente, a cantoneira de fixa\u00e7\u00e3o para m\u00f3veis em Guarulhos ajuda a refor\u00e7ar quinas, tornando-as mais resistentes a impactos e choques. Isso \u00e9 importante para m\u00f3veis que ser\u00e3o utilizados em ambientes com grande circula\u00e7\u00e3o, como cozinhas e escrit\u00f3rios.<\/p>\n\n\n<div class=\"wp-block-image\">\n<figure class=\"aligncenter size-full is-resized\"><a href=\"https:\/\/www.oppeano.com.br\/product-category\/capas-cantoneiras-e-fixadores\/\" target=\"_blank\" rel=\"noreferrer noopener\"><img loading=\"lazy\" decoding=\"async\" width=\"296\" height=\"296\" src=\"https:\/\/www.oppeano.com.br\/blog\/wp-content\/uploads\/2023\/11\/cantoneira-para-moveis-planejados.png\" alt=\"\" class=\"wp-image-99\" style=\"width:264px;height:auto\" srcset=\"https:\/\/www.oppeano.com.br\/blog\/wp-content\/uploads\/2023\/11\/cantoneira-para-moveis-planejados.png 296w, https:\/\/www.oppeano.com.br\/blog\/wp-content\/uploads\/2023\/11\/cantoneira-para-moveis-planejados-150x150.png 150w\" sizes=\"auto, (max-width: 296px) 100vw, 296px\" \/><\/a><\/figure>\n<\/div>\n\n\n<p>Al\u00e9m disso, a cantoneira d\u00e1 um acabamento mais bonito e profissional aos m\u00f3veis. Ela oculta as imperfei\u00e7\u00f5es das quinas e cria um visual mais uniforme.<\/p>\n\n\n\n<p>Por fim, a cantoneira para m\u00f3veis planejados em Caieiras \u00e9 uma pe\u00e7a relativamente barata e simples de instalar. Ou seja, ela \u00e9 acess\u00edvel e ajuda na constru\u00e7\u00e3o de m\u00f3veis dur\u00e1veis.&nbsp;<\/p>\n\n\n\n<ul class=\"wp-block-list\">\n<li><a href=\"https:\/\/www.oppeano.com.br\/blog\/puxadores\/puxadores-para-moveis-descubra-suas-vantagens-e-onde-comprar\/\">Puxadores para m\u00f3veis: descubra suas vantagens e onde comprar<\/a><\/li>\n<\/ul>\n\n\n\n<h2 class=\"wp-block-heading\"><span class=\"ez-toc-section\" id=\"Como_escolher_uma_cantoneira_de_fixacao_para_moveis\"><\/span>Como escolher uma cantoneira de fixa\u00e7\u00e3o para m\u00f3veis?<span class=\"ez-toc-section-end\"><\/span><\/h2>\n\n\n\n<p>A melhor forma de escolher uma cantoneira \u00e9 levando em considera\u00e7\u00e3o algumas informa\u00e7\u00f5es, como o material de fabrica\u00e7\u00e3o, tamanho, acabamento e a quantidade de cantoneiras (permite a reposi\u00e7\u00e3o de estoques).<\/p>\n\n\n\n<p>Al\u00e9m de tudo, considere a aplica\u00e7\u00e3o final da cantoneira de fixa\u00e7\u00e3o para m\u00f3veis em Cajamar, por exemplo, m\u00f3veis pesados exigem pe\u00e7as de grande espessura e resistentes.&nbsp;<\/p>\n\n\n\n<ul class=\"wp-block-list\">\n<li><a href=\"https:\/\/www.oppeano.com.br\/blog\/ponteiras\/ponteira-para-tubos-o-que-saber-antes-de-investir\/\">Ponteira para tubos: o que saber antes de investir<\/a><\/li>\n<\/ul>\n\n\n\n<h2 class=\"wp-block-heading\"><span class=\"ez-toc-section\" id=\"Onde_encontrar_a_cantoneira_para_moveis_planejados\"><\/span>Onde encontrar a cantoneira para m\u00f3veis planejados?<span class=\"ez-toc-section-end\"><\/span><\/h2>\n\n\n\n<p>A Oppeano \u00e9 refer\u00eancia no desenvolvimento de itens para m\u00f3veis no Brasil. Ela entende diversos fabricantes de m\u00f3veis e apresenta solu\u00e7\u00f5es inovadoras para o setor.<\/p>\n\n\n\n<p>Al\u00e9m de tudo, a Oppeano \u00e9 conhecida por seus produtos de alta qualidade e atendimento personalizado. Entre em contato conosco e fa\u00e7a um <a href=\"https:\/\/www.oppeano.com.br\/solicitar-orcamento\/\" target=\"_blank\" rel=\"noreferrer noopener\">or\u00e7amento completo!<\/a><\/p>\n\n\n<div class=\"wp-block-image\">\n<figure class=\"aligncenter size-full\"><a href=\"https:\/\/www.oppeano.com.br\/contato\/\" target=\"_blank\" rel=\"noreferrer noopener\"><img loading=\"lazy\" decoding=\"async\" width=\"100\" height=\"90\" src=\"https:\/\/www.oppeano.com.br\/blog\/wp-content\/uploads\/2023\/06\/logo.png\" alt=\"cantoneira para m\u00f3veis planejados\" class=\"wp-image-5\"\/><\/a><\/figure>\n<\/div>\n\n\n<p>O que achou do conte\u00fado? Caso tenha gostado, continue acompanhando o <a href=\"https:\/\/www.oppeano.com.br\/blog\" target=\"_blank\" rel=\"noreferrer noopener\">blog da Oppeano<\/a> e encontre mais dicas sobre a cantoneira de fixa\u00e7\u00e3o para m\u00f3veis em S\u00e3o Paulo!\u00a0<\/p>\n","protected":false},"excerpt":{"rendered":"<p><span class=\"span-reading-time rt-reading-time\" style=\"display: block;\"><span class=\"rt-label rt-prefix\">Tempo de leitura:<\/span> <span class=\"rt-time\"> 3<\/span> <span class=\"rt-label rt-postfix\">minutos<\/span><\/span>A cantoneira para m\u00f3veis planejados \u00e9 um acess\u00f3rio utilizado na montagem e fixa\u00e7\u00e3o de m\u00f3veis, como prateleiras, estantes, arm\u00e1rios e mesas.&nbsp; Ela \u00e9 composta por uma pe\u00e7a met\u00e1lica em formato de L, que \u00e9 fixada nas laterais dos m\u00f3veis para&#8230;<\/p>\n","protected":false},"author":1,"featured_media":100,"comment_status":"open","ping_status":"open","sticky":false,"template":"","format":"standard","meta":{"footnotes":""},"categories":[154],"tags":[714,715,705,704,683,696,703,693,698,694,709,697,713,707,712,711,695,686,701,700,691,716,708,699,682,690,689,684,702,710,685,706,688,692,680,681,687,679],"class_list":["post-98","post","type-post","status-publish","format-standard","has-post-thumbnail","hentry","category-acessorios-para-moveis","tag-cantoneira-de-fixacao-para-moveis-direto-da-fabrica","tag-cantoneira-de-fixacao-para-moveis-em-caieiras","tag-cantoneira-de-fixacao-para-moveis-em-cajamar","tag-cantoneira-de-fixacao-para-moveis-em-guarulhos","tag-cantoneira-de-fixacao-para-moveis-em-mairipora","tag-cantoneira-de-fixacao-para-moveis-em-sao-paulo","tag-cantoneira-de-fixacao-para-moveis-em-sp","tag-cantoneira-de-fixacao-para-moveis-na-zona-norte","tag-cantoneira-de-fixacao-para-moveis-perto-de-mim","tag-cantoneira-de-fixacao-para-moveis-preco","tag-cantoneira-de-fixacao-para-moveis-proximo-a-mim","tag-cantoneira-para-moveis-planejados-direto-da-fabrica","tag-cantoneira-para-moveis-planejados-em-caieiras","tag-cantoneira-para-moveis-planejados-em-cajamar","tag-cantoneira-para-moveis-planejados-em-guarulhos","tag-cantoneira-para-moveis-planejados-em-mairipora","tag-cantoneira-para-moveis-planejados-em-sao-paulo","tag-cantoneira-para-moveis-planejados-em-sp","tag-cantoneira-para-moveis-planejados-na-zona-norte","tag-cantoneira-para-moveis-planejados-perto-de-mim","tag-cantoneira-para-moveis-planejados-preco","tag-cantoneira-para-moveis-planejados-proximo-a-mim","tag-comprar-cantoneira-de-fixacao-para-moveis","tag-comprar-cantoneira-para-moveis-planejados","tag-distribuidor-de-cantoneira-de-fixacao-para-moveis","tag-distribuidor-de-cantoneira-para-moveis-planejados","tag-distribuidora-de-cantoneira-de-fixacao-para-moveis","tag-distribuidora-de-cantoneira-para-moveis-planejados","tag-empresa-de-cantoneira-de-fixacao-para-moveis","tag-empresa-de-cantoneira-para-moveis-planejados","tag-fabrica-de-cantoneira-de-fixacao-para-moveis","tag-fabrica-de-cantoneira-para-moveis-planejados","tag-fabricante-de-cantoneira-de-fixacao-para-moveis","tag-fabricante-de-cantoneira-para-moveis-planejados","tag-fornecedor-de-cantoneira-de-fixacao-para-moveis","tag-fornecedor-de-cantoneira-para-moveis-planejados","tag-onde-encontrar-cantoneira-de-fixacao-para-moveis","tag-onde-encontrar-cantoneira-para-moveis-planejados"],"_links":{"self":[{"href":"https:\/\/www.oppeano.com.br\/blog\/wp-json\/wp\/v2\/posts\/98","targetHints":{"allow":["GET"]}}],"collection":[{"href":"https:\/\/www.oppeano.com.br\/blog\/wp-json\/wp\/v2\/posts"}],"about":[{"href":"https:\/\/www.oppeano.com.br\/blog\/wp-json\/wp\/v2\/types\/post"}],"author":[{"embeddable":true,"href":"https:\/\/www.oppeano.com.br\/blog\/wp-json\/wp\/v2\/users\/1"}],"replies":[{"embeddable":true,"href":"https:\/\/www.oppeano.com.br\/blog\/wp-json\/wp\/v2\/comments?post=98"}],"version-history":[{"count":1,"href":"https:\/\/www.oppeano.com.br\/blog\/wp-json\/wp\/v2\/posts\/98\/revisions"}],"predecessor-version":[{"id":101,"href":"https:\/\/www.oppeano.com.br\/blog\/wp-json\/wp\/v2\/posts\/98\/revisions\/101"}],"wp:featuredmedia":[{"embeddable":true,"href":"https:\/\/www.oppeano.com.br\/blog\/wp-json\/wp\/v2\/media\/100"}],"wp:attachment":[{"href":"https:\/\/www.oppeano.com.br\/blog\/wp-json\/wp\/v2\/media?parent=98"}],"wp:term":[{"taxonomy":"category","embeddable":true,"href":"https:\/\/www.oppeano.com.br\/blog\/wp-json\/wp\/v2\/categories?post=98"},{"taxonomy":"post_tag","embeddable":true,"href":"https:\/\/www.oppeano.com.br\/blog\/wp-json\/wp\/v2\/tags?post=98"}],"curies":[{"name":"wp","href":"https:\/\/api.w.org\/{rel}","templated":true}]}}